{"id":1,"date":"2025-01-03T09:06:22","date_gmt":"2025-01-03T09:06:22","guid":{"rendered":"http:\/\/klemke-wein.de\/?p=1"},"modified":"2026-04-30T08:09:22","modified_gmt":"2026-04-30T08:09:22","slug":"hello-world","status":"publish","type":"post","link":"https:\/\/klemke-wein.de\/?p=1","title":{"rendered":"Seit 1914. Klemke Berlin"},"content":{"rendered":"\n<p><strong>Charlottenburg seit 111 Jahren. Ehrlich. Herzlich. Hausgemacht \u2013 seit 1914.<\/strong><\/p>\n\n\n\n<ul class=\"wp-block-list\">\n<li>Montag bis Freitag 09:00Uhr bis 19:00Uhr<\/li>\n\n\n\n<li>Mittagstisch (MO &#8211; FR) 12:00Uhr bis 16:00Uhr<\/li>\n\n\n\n<li>Samstag 09:00Uhr bis 14:30Uhr<\/li>\n\n\n\n<li>Mittagstisch (SA) 11:00Uhr bis 14:00Uhr<\/li>\n<\/ul>\n\n\n\n<ul class=\"wp-block-list\">\n<li>Sonntag Geschlossen.<\/li>\n<\/ul>\n\n\n\n<div class=\"wp-block-group is-vertical is-layout-flex wp-container-core-group-is-layout-8cf370e7 wp-block-group-is-layout-flex\">\n<p>111 Jahre Klemke<\/p>\n\n\n\n<p>Was 1914 mit Elfe und Wilhelm Klemke und dem \u201eBerliner Kindl Br\u00e4u\u201c begann, wurde schnell mehr als nur ein Wirtshaus. Es wurde ein Zuhause f\u00fcr Gastlichkeit \u2013 mit Herz, Handwerk und Haltung.<\/p>\n\n\n\n<p>1980 schlug die Familie das n\u00e4chste Kapitel auf: Werner Klemke er\u00f6ffnete seine Weinhandlung und sein Stehrestaurant in der Mommsenstra\u00dfe \u2013 ein Ort f\u00fcr feine Tropfen, pers\u00f6nliche Gespr\u00e4che und die Liebe zum Detail.&nbsp;<\/p>\n\n\n\n<p>Charlottenburg wurde um eine kleine Institution reicher.<\/p>\n\n\n\n<p>Heute, 111 Jahre sp\u00e4ter, steht Klemke immer noch f\u00fcr das, was in Berlin selten geworden ist: <strong>Verl\u00e4sslichkeit, Herzlichkeit, hausgemachte K\u00fcche und echte Gastfreundschaft.<\/strong><\/p>\n\n\n\n<p>Von Generation zu Generation weitergegeben, mit Leben gef\u00fcllt \u2013 durch Menschen wie euch: G\u00e4ste, Freunde, Wegbegleiter.<\/p>\n\n\n\n<p><strong>Danke f\u00fcr eure Treue. Danke f\u00fcr die Geschichten. Danke f\u00fcr 111 Jahre<\/strong>. <\/p>\n\n\n\n<p>Wir freuen uns auf viele weitere \u2013 voller Begegnungen, Genuss und Erinnerungen.<\/p>\n\n\n\n<p>Ihr und wir sind <strong>ALLE<\/strong> <strong>KLEMKE.BERLIN <\/strong>und das<strong> SEIT 1914.<\/strong><\/p>\n\n\n\n<p><\/p>\n<\/div>\n\n\n<p>Wollen Sie unser PDF Mittagsmen\u00fc per E-Mail erhalten? Dann bitte eine E-Mail an <strong>mm(at)Klemke-wein.de<\/strong><\/p>\n<p>KLEMKE Wein- und Spirituosenhandel GmbH<br \/>Mommsenstrasse 9<br \/>10629 Berlin<br \/>0049.30.88.11.909<\/p>\n<p>info(at)klemke-wein.de<\/p>\n<pre>Montag bis Freitag 09:00Uhr bis 19:00Uhr<br \/><br \/>Samstag 09:00Uhr bis 14:30Uhr<br \/><br \/>Sonntag Geschlossen<br \/><br \/><strong>Klemke.Weinhandlung<\/strong><br \/><br \/>KLEMKE.AUSSCHANK <br \/>Montag - Freitag letzte Bestellung um 18:30UHR<br \/>Samstag letzte Bestellung um 14:00UHR<\/pre>\n\n<a href=\"https:\/\/klemke-wein.de\/wp-content\/uploads\/2025\/01\/30.04.2026.pdf\" class=\"pdfemb-viewer\" style=\"\" data-width=\"max\" data-height=\"max\" data-toolbar=\"bottom\" data-toolbar-fixed=\"on\">30.04.2026<\/a>\n\n\n<div class=\"wp-block-group\"><div class=\"wp-block-group__inner-container is-layout-flow wp-block-group-is-layout-flow\"><\/div><\/div>\n\n\n\n<p>Allergene und Zusatzstoffe in unserem Essen:<\/p>\n\n\n\n<p>In <strong>jeder einzelnen<\/strong> unserer Speisen finden Sie: <\/p>\n\n\n\n<p><strong>Allergene a bis n&nbsp;<\/strong>&amp; <strong>Zusatzstoffe 1 bis 11<\/strong><\/p>\n\n\n\n<p class=\"has-small-font-size\">1 &nbsp;&nbsp;&nbsp;&nbsp;&nbsp;&nbsp;Farbstoff&nbsp;<\/p>\n\n\n\n<p class=\"has-small-font-size\">2 &nbsp;&nbsp;&nbsp;&nbsp;&nbsp;&nbsp;Konservierungsstoff&nbsp;<\/p>\n\n\n\n<p class=\"has-small-font-size\">3 &nbsp;&nbsp;&nbsp;&nbsp;&nbsp;&nbsp;Antioxidationsmittel&nbsp;<\/p>\n\n\n\n<p class=\"has-small-font-size\">4 &nbsp;&nbsp;&nbsp;&nbsp;&nbsp;&nbsp;Geschmacksverst\u00e4rker&nbsp;<\/p>\n\n\n\n<p class=\"has-small-font-size\">5 &nbsp;&nbsp;&nbsp;&nbsp;&nbsp;&nbsp;geschwefelt&nbsp;<\/p>\n\n\n\n<p class=\"has-small-font-size\">6 &nbsp;&nbsp;&nbsp;&nbsp;&nbsp;&nbsp;geschw\u00e4rzt&nbsp;<\/p>\n\n\n\n<p class=\"has-small-font-size\">7 &nbsp;&nbsp;&nbsp;&nbsp;&nbsp;&nbsp;Phosphat&nbsp;<\/p>\n\n\n\n<p class=\"has-small-font-size\">8 &nbsp;&nbsp;&nbsp;&nbsp;&nbsp;&nbsp;Milcheiwei\u00df (bei Fleischerzeugnissen)&nbsp;<\/p>\n\n\n\n<p class=\"has-small-font-size\">9 &nbsp;&nbsp;&nbsp;&nbsp;&nbsp;&nbsp;koffeinhaltig&nbsp;<\/p>\n\n\n\n<p class=\"has-small-font-size\">10 &nbsp;&nbsp;&nbsp;chininhaltig&nbsp;<\/p>\n\n\n\n<p class=\"has-small-font-size\">11 &nbsp;&nbsp;&nbsp;S\u00fc\u00dfungsmittel&nbsp;<\/p>\n\n\n\n<p class=\"has-small-font-size\">a &nbsp;&nbsp;&nbsp;&nbsp;&nbsp;&nbsp;Glutenhaltiges Getreide&nbsp;<\/p>\n\n\n\n<p class=\"has-small-font-size\">b &nbsp;&nbsp;&nbsp;&nbsp;&nbsp;Krebstiere und daraus gewonnene Erzeugnisse&nbsp;<\/p>\n\n\n\n<p class=\"has-small-font-size\">c &nbsp;&nbsp;&nbsp;&nbsp;&nbsp;&nbsp;Eier und daraus gewonnene Erzeugnisse<\/p>\n\n\n\n<p class=\"has-small-font-size\">d &nbsp;&nbsp;&nbsp;&nbsp;&nbsp;Fische und daraus gewonnene Erzeugnisse&nbsp;<\/p>\n\n\n\n<p class=\"has-small-font-size\">e &nbsp;&nbsp;&nbsp;&nbsp;&nbsp;&nbsp;Erdn\u00fcsse und daraus gewonnene Erzeugnisse&nbsp;<\/p>\n\n\n\n<p class=\"has-small-font-size\">f &nbsp;&nbsp;&nbsp;&nbsp;&nbsp;&nbsp;&nbsp;Soja(bohnen) und daraus gewonnene Erzeugnisse&nbsp;<\/p>\n\n\n\n<p class=\"has-small-font-size\">g &nbsp;&nbsp;&nbsp;&nbsp;&nbsp;Milch und daraus gewonnene Erzeugnisse&nbsp;<\/p>\n\n\n\n<p class=\"has-small-font-size\">h &nbsp;&nbsp;&nbsp;&nbsp;&nbsp;&nbsp;Schalenfr\u00fcchte&nbsp;<\/p>\n\n\n\n<p class=\"has-small-font-size\">i &nbsp;&nbsp;&nbsp;&nbsp;&nbsp;&nbsp;&nbsp;Sellerie und daraus gewonnene Erzeugnisse&nbsp;<\/p>\n\n\n\n<p class=\"has-small-font-size\">j &nbsp;&nbsp;&nbsp;&nbsp;&nbsp;&nbsp;&nbsp;Senf und daraus gewonnene Erzeugnisse&nbsp;<\/p>\n\n\n\n<p class=\"has-small-font-size\">k &nbsp;&nbsp;&nbsp;&nbsp;&nbsp;&nbsp;Sesamsamen und daraus gewonnene Erzeugnisse&nbsp;<\/p>\n\n\n\n<p class=\"has-small-font-size\">l &nbsp;&nbsp;&nbsp;&nbsp;&nbsp;&nbsp;&nbsp;Schwefeldioxid und Sulphite&nbsp;<\/p>\n\n\n\n<p class=\"has-small-font-size\">m &nbsp;&nbsp;&nbsp;&nbsp;Lupinen und daraus gewonnene Erzeugnisse&nbsp;<\/p>\n\n\n\n<p class=\"has-small-font-size\">n &nbsp;&nbsp;&nbsp;&nbsp;&nbsp;&nbsp;Weichtiere und daraus gewonnene Erzeugnisse&nbsp;<\/p>\n","protected":false},"excerpt":{"rendered":"<p>Charlottenburg seit 111 Jahren. Ehrlich. Herzlich. Hausgemacht \u2013 seit 1914. 111 Jahre Klemke Was 1914 mit Elfe und Wilhelm Klemke und dem \u201eBerliner Kindl Br\u00e4u\u201c begann, wurde schnell mehr als nur ein Wirtshaus. Es wurde ein Zuhause f\u00fcr Gastlichkeit \u2013 mit Herz, Handwerk und Haltung. 1980 schlug die Familie das n\u00e4chste Kapitel auf: Werner Klemke &hellip; <a href=\"https:\/\/klemke-wein.de\/?p=1\" class=\"more-link\"><span class=\"screen-reader-text\">Seit 1914. Klemke Berlin<\/span> weiterlesen<\/a><\/p>\n","protected":false},"author":1,"featured_media":0,"comment_status":"closed","ping_status":"closed","sticky":false,"template":"","format":"standard","meta":{"footnotes":""},"categories":[1],"tags":[],"class_list":["post-1","post","type-post","status-publish","format-standard","hentry","category-uncategorized"],"jetpack_featured_media_url":"","_links":{"self":[{"href":"https:\/\/klemke-wein.de\/index.php?rest_route=\/wp\/v2\/posts\/1","targetHints":{"allow":["GET"]}}],"collection":[{"href":"https:\/\/klemke-wein.de\/index.php?rest_route=\/wp\/v2\/posts"}],"about":[{"href":"https:\/\/klemke-wein.de\/index.php?rest_route=\/wp\/v2\/types\/post"}],"author":[{"embeddable":true,"href":"https:\/\/klemke-wein.de\/index.php?rest_route=\/wp\/v2\/users\/1"}],"replies":[{"embeddable":true,"href":"https:\/\/klemke-wein.de\/index.php?rest_route=%2Fwp%2Fv2%2Fcomments&post=1"}],"version-history":[{"count":2058,"href":"https:\/\/klemke-wein.de\/index.php?rest_route=\/wp\/v2\/posts\/1\/revisions"}],"predecessor-version":[{"id":4210,"href":"https:\/\/klemke-wein.de\/index.php?rest_route=\/wp\/v2\/posts\/1\/revisions\/4210"}],"wp:attachment":[{"href":"https:\/\/klemke-wein.de\/index.php?rest_route=%2Fwp%2Fv2%2Fmedia&parent=1"}],"wp:term":[{"taxonomy":"category","embeddable":true,"href":"https:\/\/klemke-wein.de\/index.php?rest_route=%2Fwp%2Fv2%2Fcategories&post=1"},{"taxonomy":"post_tag","embeddable":true,"href":"https:\/\/klemke-wein.de\/index.php?rest_route=%2Fwp%2Fv2%2Ftags&post=1"}],"curies":[{"name":"wp","href":"https:\/\/api.w.org\/{rel}","templated":true}]}}